{"id":3108,"date":"2026-04-29T11:34:07","date_gmt":"2026-04-29T09:34:07","guid":{"rendered":"https:\/\/godbanm.splet.arnes.si\/?p=3108"},"modified":"2026-04-29T11:34:07","modified_gmt":"2026-04-29T09:34:07","slug":"prvomajska-budnica-2026","status":"publish","type":"post","link":"https:\/\/www.godbanm.si\/?p=3108","title":{"rendered":"PRVOMAJSKA BUDNICA 2026"},"content":{"rendered":"\n<p>Spi\u0161?<\/p>\n\n\n\n<p>Ne bo\u0161 ve\u010d dolgo! \ud83d\ude04<br>Prvi maj prihaja in z njim najbolj glasno in veselo jutranje presene\u010denje!<\/p>\n\n\n\n<p>\ud83d\udcc5 1. maj<br>\u23f0 zgodaj<br>\ud83d\udccd pri tebi pod oknom\u2026 ali pa na trgu!<\/p>\n\n\n\n<figure class=\"wp-block-image size-large\"><a href=\"https:\/\/www.godbanm.si\/files\/2026\/04\/Zbudi-me-za-praznik-kot-si-me-zbujala-takrat-ko-prvi-maj-je-vel-v-zelenju-regratovih-trat-.-Dirnbek-Herman.png\"><img loading=\"lazy\" decoding=\"async\" width=\"819\" height=\"1024\" src=\"https:\/\/www.godbanm.si\/files\/2026\/04\/Zbudi-me-za-praznik-kot-si-me-zbujala-takrat-ko-prvi-maj-je-vel-v-zelenju-regratovih-trat-.-Dirnbek-Herman-819x1024.png\" alt=\"\" class=\"wp-image-3109\" srcset=\"https:\/\/www.godbanm.si\/files\/2026\/04\/Zbudi-me-za-praznik-kot-si-me-zbujala-takrat-ko-prvi-maj-je-vel-v-zelenju-regratovih-trat-.-Dirnbek-Herman-819x1024.png 819w, https:\/\/www.godbanm.si\/files\/2026\/04\/Zbudi-me-za-praznik-kot-si-me-zbujala-takrat-ko-prvi-maj-je-vel-v-zelenju-regratovih-trat-.-Dirnbek-Herman-240x300.png 240w, https:\/\/www.godbanm.si\/files\/2026\/04\/Zbudi-me-za-praznik-kot-si-me-zbujala-takrat-ko-prvi-maj-je-vel-v-zelenju-regratovih-trat-.-Dirnbek-Herman-768x960.png 768w, https:\/\/www.godbanm.si\/files\/2026\/04\/Zbudi-me-za-praznik-kot-si-me-zbujala-takrat-ko-prvi-maj-je-vel-v-zelenju-regratovih-trat-.-Dirnbek-Herman.png 1080w\" sizes=\"auto, (max-width: 819px) 100vw, 819px\" \/><\/a><\/figure>\n","protected":false},"excerpt":{"rendered":"<p>Spi\u0161? Ne bo\u0161 ve\u010d dolgo! \ud83d\ude04Prvi maj prihaja in z njim najbolj glasno in veselo jutranje presene\u010denje! \ud83d\udcc5 1. maj\u23f0 zgodaj\ud83d\udccd pri tebi pod oknom\u2026 ali pa na trgu!<\/p>\n","protected":false},"author":10690,"featured_media":0,"comment_status":"open","ping_status":"open","sticky":false,"template":"","format":"standard","meta":{"footnotes":""},"categories":[1],"tags":[],"class_list":["post-3108","post","type-post","status-publish","format-standard","hentry","category-nekategorizirano"],"_links":{"self":[{"href":"https:\/\/www.godbanm.si\/index.php?rest_route=\/wp\/v2\/posts\/3108","targetHints":{"allow":["GET"]}}],"collection":[{"href":"https:\/\/www.godbanm.si\/index.php?rest_route=\/wp\/v2\/posts"}],"about":[{"href":"https:\/\/www.godbanm.si\/index.php?rest_route=\/wp\/v2\/types\/post"}],"author":[{"embeddable":true,"href":"https:\/\/www.godbanm.si\/index.php?rest_route=\/wp\/v2\/users\/10690"}],"replies":[{"embeddable":true,"href":"https:\/\/www.godbanm.si\/index.php?rest_route=%2Fwp%2Fv2%2Fcomments&post=3108"}],"version-history":[{"count":1,"href":"https:\/\/www.godbanm.si\/index.php?rest_route=\/wp\/v2\/posts\/3108\/revisions"}],"predecessor-version":[{"id":3110,"href":"https:\/\/www.godbanm.si\/index.php?rest_route=\/wp\/v2\/posts\/3108\/revisions\/3110"}],"wp:attachment":[{"href":"https:\/\/www.godbanm.si\/index.php?rest_route=%2Fwp%2Fv2%2Fmedia&parent=3108"}],"wp:term":[{"taxonomy":"category","embeddable":true,"href":"https:\/\/www.godbanm.si\/index.php?rest_route=%2Fwp%2Fv2%2Fcategories&post=3108"},{"taxonomy":"post_tag","embeddable":true,"href":"https:\/\/www.godbanm.si\/index.php?rest_route=%2Fwp%2Fv2%2Ftags&post=3108"}],"curies":[{"name":"wp","href":"https:\/\/api.w.org\/{rel}","templated":true}]}}